{"id":2479,"date":"2000-02-01T12:45:17","date_gmt":"2000-02-01T11:45:17","guid":{"rendered":"https:\/\/zbigniewpolit.pl\/?p=2479"},"modified":"2024-06-27T08:00:59","modified_gmt":"2024-06-27T07:00:59","slug":"14-to-wszystko-nie-takie-proste","status":"publish","type":"post","link":"https:\/\/zbigniewpolit.pl\/index.php\/2000\/02\/01\/14-to-wszystko-nie-takie-proste\/","title":{"rendered":"TO WSZYSTKO NIE TAKIE PROSTE"},"content":{"rendered":"<p>10.04.2020r.<\/p>\n<p><strong>WALKA Z WIRUSZEM, CZY STRZA\u0141 W KOLANO?<\/strong><!--more--><\/p>\n<p>Ostatnio wszyscy tylko o wirusie, to teraz zrobimy zmian\u0119 i porozmawiamy sobie o lesie. No c\u00f3\u017c, z wiadomych powod\u00f3w las nam zamkni\u0119to, ale na kr\u00f3tko, bo pojutrze zostanie zakaz zdj\u0119ty. I nikt nie jest wstanie wyt\u0142umaczy\u0107 czym si\u0119 kierowano opuszczaj\u0105c szlabany przed lasami. Przecie\u017c dyskusji nie budzi fakt, \u017ce spacery le\u015bne podwy\u017cszaj\u0105 odporno\u015b\u0107 na koronawirusa. No to walczymy z nim, czy nie walczymy? Zrozumie\u0107 mo\u017cna, \u017ce w pobli\u017cu miast s\u0105 zorganizowane place, polany i inne miejsca wypoczynkowe, a gromadzenie si\u0119 ludzi sprzyja zaka\u017ceniom. Ale wszystkie te miejsca s\u0105 pod administracj\u0105 samorz\u0105d\u00f3w lub nadle\u015bnictw. Zatem mo\u017cna by\u0142o jedynie te sprzyjaj\u0105ce zgromadzeniom wy\u0142\u0105czy\u0107. Z tej akcji le\u015bnej p\u0142yn\u0105 do spo\u0142ecze\u0144stwa dwa sygna\u0142y. Po pierwsze, \u017ce w\u0142adze nie zastanawiaj\u0105 si\u0119 nad tym co robi\u0105. Dowodem jest to, \u017ce po wprowadzeniu w ca\u0142ej sieci spo\u0142eczno\u015bciowej by\u0142o tysi\u0105ce jednakowych wpis\u00f3w mniej wi\u0119cej znacz\u0105cych: \u201eI po choler\u0119\u201d? Mo\u017ce dotar\u0142o to do rz\u0105du i pomy\u015blano sobie za M\u0142ynarskim \u2013 \u201eNo w\u0142a\u015bnie\u201d\u2026 Ale p\u0142ynie te\u017c sygna\u0142 drugi i to wi\u0119kszego kalibru: Decyzje rz\u0105du s\u0105 niskiej warto\u015bci. Kiepskie i do luftu. Czyli klasyczny akt obni\u017cenia sobie autorytetu intelektualnego. Czyli zjawiska o niebagatelnym znaczeniu w mechanizmach sterowania \u015bwiadomo\u015bci\u0105 spo\u0142eczn\u0105. Czyli strza\u0142 w p\u0142ot, a rykoszet w kolano. Rozmawia\u0142em dzi\u015b telefonicznie ze znajomym profesorem, metalurgiem (tak, mia\u0142em maseczk\u0119), i zapyta\u0142em przy okazji co on na ten zakaz. Us\u0142ysza\u0142em: \u201eWie pan, to wszystko nie takie proste\u201d\u2026<\/p>\n<p>Ja nie wiem kto doradza rz\u0105dowi w sprawie tej zarazy. Ale je\u015bli s\u0105 to naukowcy, to my nigdy z tego nie wyjdziemy \u2026<\/p>\n<hr \/>\n","protected":false},"excerpt":{"rendered":"<p>10.04.2020r. WALKA Z WIRUSZEM, CZY STRZA\u0141 W KOLANO?<\/p>\n","protected":false},"author":1,"featured_media":0,"comment_status":"closed","ping_status":"closed","sticky":false,"template":"","format":"standard","meta":{"footnotes":""},"categories":[4],"tags":[],"class_list":["post-2479","post","type-post","status-publish","format-standard","hentry","category-felietony"],"_links":{"self":[{"href":"https:\/\/zbigniewpolit.pl\/index.php\/wp-json\/wp\/v2\/posts\/2479","targetHints":{"allow":["GET"]}}],"collection":[{"href":"https:\/\/zbigniewpolit.pl\/index.php\/wp-json\/wp\/v2\/posts"}],"about":[{"href":"https:\/\/zbigniewpolit.pl\/index.php\/wp-json\/wp\/v2\/types\/post"}],"author":[{"embeddable":true,"href":"https:\/\/zbigniewpolit.pl\/index.php\/wp-json\/wp\/v2\/users\/1"}],"replies":[{"embeddable":true,"href":"https:\/\/zbigniewpolit.pl\/index.php\/wp-json\/wp\/v2\/comments?post=2479"}],"version-history":[{"count":3,"href":"https:\/\/zbigniewpolit.pl\/index.php\/wp-json\/wp\/v2\/posts\/2479\/revisions"}],"predecessor-version":[{"id":3102,"href":"https:\/\/zbigniewpolit.pl\/index.php\/wp-json\/wp\/v2\/posts\/2479\/revisions\/3102"}],"wp:attachment":[{"href":"https:\/\/zbigniewpolit.pl\/index.php\/wp-json\/wp\/v2\/media?parent=2479"}],"wp:term":[{"taxonomy":"category","embeddable":true,"href":"https:\/\/zbigniewpolit.pl\/index.php\/wp-json\/wp\/v2\/categories?post=2479"},{"taxonomy":"post_tag","embeddable":true,"href":"https:\/\/zbigniewpolit.pl\/index.php\/wp-json\/wp\/v2\/tags?post=2479"}],"curies":[{"name":"wp","href":"https:\/\/api.w.org\/{rel}","templated":true}]}}