{"id":2620,"date":"2000-02-07T20:42:01","date_gmt":"2000-02-07T19:42:01","guid":{"rendered":"https:\/\/zbigniewpolit.pl\/?p=2620"},"modified":"2024-06-27T07:58:39","modified_gmt":"2024-06-27T06:58:39","slug":"nowy-pomnik","status":"publish","type":"post","link":"https:\/\/zbigniewpolit.pl\/index.php\/2000\/02\/07\/nowy-pomnik\/","title":{"rendered":"NOWY POMNIK?"},"content":{"rendered":"<p align=\"left\"><strong>PO CO KOLEJNY POMNIK?<\/strong><!--more--><\/p>\n<p align=\"left\"><span style=\"color: #1c1e21;\"><span style=\"font-family: inherit;\"><span style=\"font-size: small;\">Zamiast produkowa\u0107 nowe has\u0142a i wymy\u015bla\u0107 kolejne grupy, kt\u00f3rym nale\u017cny jest nasz ho\u0142d i szacunek, poznawajmy polsk\u0105 histori\u0119. Jest bogata, barwna i pouczaj\u0105ca.<\/span><\/span><\/span><span style=\"color: #1c1e21;\"><span style=\"font-family: Helvetica, Arial, sans-serif;\"><span style=\"font-size: small;\"><br \/>\n<\/span><\/span><\/span><span style=\"color: #1c1e21;\"><span style=\"font-family: inherit;\"><span style=\"font-size: small;\">Tych &#8222;wykl\u0119tych&#8221; wymy\u015blono jedynie dla cel\u00f3w politycznych, nie dla upami\u0119tniania kogokolwiek. Prawdziwym polskim bohaterom nikt w Polsce nigdy niczego nie ujmowa\u0142 i nie ujmuje, o wszystkich si\u0119 pami\u0119ta i oddaje nale\u017cny im ho\u0142d i cze\u015b\u0107. Grupie poleg\u0142ych nazywanych &#8222;wykl\u0119tymi&#8221;, r\u00f3wnie\u017c. Maj\u0105 te osoby swoje pomniki, po\u015bwi\u0119cone s\u0105 im utwory artystyczne, ich imionami nazywa si\u0119 drogi i szko\u0142y. No to po jaki ptak wymy\u015bla\u0107, oznacza\u0107 grup\u0119 nast\u0119pn\u0105? Bo si\u0119 nale\u017cy? No to wyznaczmy jeszcze, bo te\u017c si\u0119 nale\u017cy nauczycieli, kt\u00f3rzy zgin\u0119li za ojczyzn\u0119, nazwijmy ich &#8222;zha\u0144bieni&#8221;, ksi\u0119\u017cy z nazw\u0105 &#8222;pot\u0119pieni&#8221;, so\u0142tys\u00f3w z nazw\u0105 &#8222;splugawieni&#8221; itd. Mamy w Jaros\u0142awiu pomnik ze zniczem i tablic\u0105 po\u015bwi\u0119cony wszystkim, kt\u00f3rzy oddali \u017cycie za ojczyzn\u0119. A od kilku lat si\u0119 okazuje, \u017ce brakuje nam jednak pomnika po\u015bwi\u0119conego \u201ewykl\u0119tym\u201d. A\u017c si\u0119 boj\u0119 wstawia\u0107 ten tekst, by kto\u015b nie zaczerpn\u0105 z niego pomys\u0142u &#8230;<\/span><\/span><\/span><\/p>\n","protected":false},"excerpt":{"rendered":"<p>PO CO KOLEJNY POMNIK?<\/p>\n","protected":false},"author":2,"featured_media":0,"comment_status":"closed","ping_status":"closed","sticky":false,"template":"","format":"standard","meta":{"footnotes":""},"categories":[4],"tags":[],"class_list":["post-2620","post","type-post","status-publish","format-standard","hentry","category-felietony"],"_links":{"self":[{"href":"https:\/\/zbigniewpolit.pl\/index.php\/wp-json\/wp\/v2\/posts\/2620","targetHints":{"allow":["GET"]}}],"collection":[{"href":"https:\/\/zbigniewpolit.pl\/index.php\/wp-json\/wp\/v2\/posts"}],"about":[{"href":"https:\/\/zbigniewpolit.pl\/index.php\/wp-json\/wp\/v2\/types\/post"}],"author":[{"embeddable":true,"href":"https:\/\/zbigniewpolit.pl\/index.php\/wp-json\/wp\/v2\/users\/2"}],"replies":[{"embeddable":true,"href":"https:\/\/zbigniewpolit.pl\/index.php\/wp-json\/wp\/v2\/comments?post=2620"}],"version-history":[{"count":4,"href":"https:\/\/zbigniewpolit.pl\/index.php\/wp-json\/wp\/v2\/posts\/2620\/revisions"}],"predecessor-version":[{"id":3093,"href":"https:\/\/zbigniewpolit.pl\/index.php\/wp-json\/wp\/v2\/posts\/2620\/revisions\/3093"}],"wp:attachment":[{"href":"https:\/\/zbigniewpolit.pl\/index.php\/wp-json\/wp\/v2\/media?parent=2620"}],"wp:term":[{"taxonomy":"category","embeddable":true,"href":"https:\/\/zbigniewpolit.pl\/index.php\/wp-json\/wp\/v2\/categories?post=2620"},{"taxonomy":"post_tag","embeddable":true,"href":"https:\/\/zbigniewpolit.pl\/index.php\/wp-json\/wp\/v2\/tags?post=2620"}],"curies":[{"name":"wp","href":"https:\/\/api.w.org\/{rel}","templated":true}]}}