{"id":2717,"date":"2000-02-25T19:02:47","date_gmt":"2000-02-25T18:02:47","guid":{"rendered":"https:\/\/zbigniewpolit.pl\/?p=2717"},"modified":"2024-06-27T07:29:16","modified_gmt":"2024-06-27T06:29:16","slug":"32-covid-w-ujezdzalni","status":"publish","type":"post","link":"https:\/\/zbigniewpolit.pl\/index.php\/2000\/02\/25\/32-covid-w-ujezdzalni\/","title":{"rendered":"COVID W UJE\u017bD\u017bALNI"},"content":{"rendered":"<p><strong>MOJA PRYWATNA ROZR\u00d3BA W GALERII<\/strong><!--more--><\/p>\n<p>Kilka dni temu wst\u0105pi\u0142em do jaros\u0142awskiej galerii \u201eStara Uje\u017cd\u017calnia\u201d, bo dowiedzia\u0142em si\u0119, \u017ce w sklepie E.Leclerc robi\u0105 \u015bwietne sa\u0142atki. Przez przypadek natkn\u0105\u0142em si\u0119 na ochroniarza sklepu, sta\u0142 kilka metr\u00f3w od kiosku z czym\u015b tam. Poniewa\u017c m\u0142ody cz\u0142owiek handluj\u0105cy tym czym\u015b tam, nie mia\u0142 maseczki, poprosi\u0142em pana ochrony, by mu zwr\u00f3ci\u0142 uwag\u0119, w ko\u0144cu od tego jest. Ale pan pokaza\u0142 mi r\u0119ka tego bez maski i wywi\u0105za\u0142a si\u0119 mi\u0119dzy nami rozmowa: \u2013 To prosz\u0119 bardzo zwr\u00f3ci\u0107 uwag\u0119, skoro to panu przeszkadza \u2013 us\u0142ysza\u0142em o nieznajomego. \u2013 Ale nie ja tu jestem od tego, to pana powinno\u015b\u0107, prosz\u0119 zwr\u00f3ci\u0107 uwag\u0119 &#8211; odpowiedzia\u0142em. \u2013 A dlaczego pan do mnie podnosi g\u0142os? \u2013 Nie podnosz\u0119, chc\u0119 tylko, \u017ceby pan lepiej s\u0142ysza\u0142. \u2013 Ale to mnie obra\u017ca. \u2013 A to ju\u017c pana sprawa, prosz\u0119 zwr\u00f3ci\u0107 uwag\u0119, m\u00f3wi\u0119 serio. \u2013 Ja te\u017c m\u00f3wi\u0119 serio. Ale poniewa\u017c m\u00f3j rozm\u00f3wca mia\u0142 maseczk\u0119 tylko na ustach, kontynuowa\u0142em: \u2013 Najpierw prosz\u0119 za\u0142o\u017cy\u0107 mask\u0119 na nos, a potem zwr\u00f3ci\u0107 uwag\u0119. \u2013 A kim pan jest? \u2013 Jestem obywatelem \u2013 wyja\u015bni\u0142em z dum\u0105 w g\u0142osie. Pan by\u0142 wyra\u017anie zaskoczony i brak\u0142o mu s\u0142\u00f3w, wi\u0119c sobie poszed\u0142em. Po kilku godzinach, gdy zatelefonowa\u0142em do administracji galerii, zg\u0142osi\u0142a si\u0119 pani Dorota Kobylas (je\u015bli dobrze us\u0142ysza\u0142em nazwisko, je\u015bli nie, to przepraszam) w\u0142a\u015bnie z dzia\u0142u ochrony. Usi\u0142owa\u0142em j\u0105 prosi\u0107 by zwracali uwag\u0119 pracownikom i klientom. Ale ci\u0119\u017cko by\u0142o, bo pani ca\u0142y czas mi przerywa\u0142a. Najpierw m\u00f3wi\u0142a, \u017ce ochrona zwraca uwag\u0119 ludziom, potem, \u017ce ona sobie nie \u017cyczy by publikowa\u0107 jej nazwisko. Potem za\u015b, gdy si\u0119 zdenerwowa\u0142em i powiedzia\u0142em, \u017ce jak nie b\u0119dzie porz\u0105dku z maseczkami, to przyjd\u0119 z kolegami, obfotografujemy galeri\u0119 i narobimy im wstydu na ca\u0142e Podkarpacie, us\u0142ysza\u0142em, \u017ce u nich jest zakaz fotografowania \ud83d\ude09 Dwa dni temu sko\u0144czy\u0142a mi si\u0119 sa\u0142atka, wi\u0119c zn\u00f3w tam poszed\u0142em. Spotka\u0142em innego ochroniarza, do\u015b\u0107 sympatycznego, z wygl\u0105du starszego pana. Zapyta\u0142em dlaczego nie pilnuj\u0105 tych cholernych maseczek? Odpowiedzia\u0142: \u2013 Pilnujemy panie, ale nie s\u0142uchaj\u0105. \u2013 O widzi pan tego pana w kiosku na \u015brodku, albo tych dwoje, co w\u0142a\u015bnie wyszli z E.Leclerc? \u2013 Aha, widz\u0119. Odszed\u0142em, a gdy po chwili obejrza\u0142em si\u0119, pan sta\u0142 dalej w tym samym miejscu, bez reakcji&#8230; Dzisiaj, jak obieca\u0142em, tak poprosi\u0142em dwojga znajomych dziennikarzy o towarzystwo. Przeszli\u015bmy kilkukrotnie przez t\u0119 galeri\u0119, zrobili\u015bmy troch\u0119 zdj\u0119\u0107. Szacunkowo co dziesi\u0105ta osoba nie mia\u0142a w og\u00f3le maseczki. R\u00f3wnie\u017c \u017caden z pracownik\u00f3w tych kiosk\u00f3w, czyli wydzielonych wysepek na przej\u015bciu, te\u017c nie mia\u0142 maseczki. W za\u0142\u0105czniku kilka fotografii. Poniewa\u017c na nic si\u0119 zda\u0142y moje pro\u015bby i telefony, to mo\u017ce ta publikacja przyniesie jaki\u015b po\u017cytek. PS: W jaros\u0142awskim pawilonie Kaufland wszyscy maj\u0105 za\u0142o\u017cone prawid\u0142owo maseczki. Jak to zrobiono? Po prostu, na pocz\u0105tku przy wej\u015bciu do sklepu sta\u0142 pan i nie wpuszcza\u0142 nikogo bez za\u0142o\u017conej maski. Sta\u0142 tak tylko dwa tygodnie. Teraz nie musi, bo wszystkim jest wiadomo, \u017ce w tym sklepie bez maski si\u0119 nie da. Czyli tak, w niemieckim sklepie mo\u017cna, w polskim ju\u017c si\u0119 nie da<\/p>\n","protected":false},"excerpt":{"rendered":"<p>MOJA PRYWATNA ROZR\u00d3BA W GALERII<\/p>\n","protected":false},"author":2,"featured_media":0,"comment_status":"closed","ping_status":"closed","sticky":false,"template":"","format":"standard","meta":{"footnotes":""},"categories":[4],"tags":[],"class_list":["post-2717","post","type-post","status-publish","format-standard","hentry","category-felietony"],"_links":{"self":[{"href":"https:\/\/zbigniewpolit.pl\/index.php\/wp-json\/wp\/v2\/posts\/2717","targetHints":{"allow":["GET"]}}],"collection":[{"href":"https:\/\/zbigniewpolit.pl\/index.php\/wp-json\/wp\/v2\/posts"}],"about":[{"href":"https:\/\/zbigniewpolit.pl\/index.php\/wp-json\/wp\/v2\/types\/post"}],"author":[{"embeddable":true,"href":"https:\/\/zbigniewpolit.pl\/index.php\/wp-json\/wp\/v2\/users\/2"}],"replies":[{"embeddable":true,"href":"https:\/\/zbigniewpolit.pl\/index.php\/wp-json\/wp\/v2\/comments?post=2717"}],"version-history":[{"count":2,"href":"https:\/\/zbigniewpolit.pl\/index.php\/wp-json\/wp\/v2\/posts\/2717\/revisions"}],"predecessor-version":[{"id":3085,"href":"https:\/\/zbigniewpolit.pl\/index.php\/wp-json\/wp\/v2\/posts\/2717\/revisions\/3085"}],"wp:attachment":[{"href":"https:\/\/zbigniewpolit.pl\/index.php\/wp-json\/wp\/v2\/media?parent=2717"}],"wp:term":[{"taxonomy":"category","embeddable":true,"href":"https:\/\/zbigniewpolit.pl\/index.php\/wp-json\/wp\/v2\/categories?post=2717"},{"taxonomy":"post_tag","embeddable":true,"href":"https:\/\/zbigniewpolit.pl\/index.php\/wp-json\/wp\/v2\/tags?post=2717"}],"curies":[{"name":"wp","href":"https:\/\/api.w.org\/{rel}","templated":true}]}}