{"id":2729,"date":"2000-02-29T19:33:37","date_gmt":"2000-02-29T18:33:37","guid":{"rendered":"https:\/\/zbigniewpolit.pl\/?p=2729"},"modified":"2024-06-27T07:25:12","modified_gmt":"2024-06-27T06:25:12","slug":"36-marsz-godnosci","status":"publish","type":"post","link":"https:\/\/zbigniewpolit.pl\/index.php\/2000\/02\/29\/36-marsz-godnosci\/","title":{"rendered":"MARSZ GODNO\u015aCI"},"content":{"rendered":"<p align=\"left\"><strong>CZY TO MA SENS?<\/strong><!--more--><\/p>\n<p align=\"left\">14.07.2022r.<\/p>\n<p align=\"left\">Wiem, \u017ce to, co teraz napisz\u0119, nie b\u0119dzie popularne. Ale mam takie odczucie, zatem podziel\u0119 si\u0119 z nim z Pa\u0144stwem.<\/p>\n<p align=\"left\">Ot\u00f3\u017c nie jestem przekonany do zasadno\u015bci organizowania podobnych imprez. Nie rozumiem idei i nie widz\u0119 potrzeb. Bo w jakim celu upublicznia si\u0119 wizerunki tych ludzi w kontek\u015bcie u\u0142omno\u015bci? Troszk\u0119 ten \u015bwiat depcz\u0119, ale nie zauwa\u017cy\u0142em, by ktokolwiek pozbawia\u0142 tych ludzi godno\u015bci. By kto\u015b szydzi\u0142, drwi\u0142, molestowa\u0142, upokarza\u0142 czy wr\u0119cz bi\u0142 i torturowa\u0142. Nie wiem, mo\u017ce nie wszystko w tej sprawie wiem, mo\u017ce s\u0105, przypadki incydentalne. Zak\u0142adam tu, \u017ce jednak takie zjawisko nie zachodzi. Po drugie, ci ludzie wtopili si\u0119 w t\u0142um spo\u0142eczno\u015bci, nie s\u0105 wyeksponowani, funkcjonuj\u0105 podobnie jak \u0142ysi, kulawi, j\u0105kaj\u0105cy si\u0119 i inni z jakimi\u015b znamiennymi cechami. Widzimy ich, rozmawiamy, ale bez \u017cadnych emocji czy wyobra\u017ce\u0144. A teraz? A teraz w tak ma\u0142ym miasteczku, po tej fecie, dowiadujemy si\u0119 kto jakim jest. Bo sp\u0119dzono dzieci i przedefilowano po mie\u015bcie. Ci ludzie do tej pory \u017cyli z wszystkimi innymi w dobrej harmonii. Pa\u0144stwo stworzy\u0142o warunki do uczestniczenia ich w \u017cyciu spo\u0142ecznym. Po co zatem ta feta? Podam przyk\u0142ad, na sobie, troch\u0119 drastyczny, ale to dla jaskrawo\u015bci. Za\u0142\u00f3\u017cmy, \u017ce jestem impotentem seksualnym. Pan burmistrz si\u0119 o tym dowiaduje, nie maj\u0105c niczego z\u0142ego w zamiarze, robi akademi\u0119 w hali MOSIR. \u017bali si\u0119 nad moim losem, apeluje o honorowanie mojej osoby i broni mojej godno\u015bci. To jak ja bym si\u0119 czu\u0142? Wydaje mi si\u0119, \u017ce ci wszyscy ludzie woleliby sobie \u017cy\u0107 i funkcjonowa\u0107 w\u015br\u00f3d innych bez \u017cadnego szumu, w spokoju i po cichutku. I uwaga: z niezagro\u017con\u0105 intymno\u015bci\u0105.<\/p>\n<p align=\"left\">Ca\u0142ym sob\u0105 zawsze jestem za pomaganiem tym, kt\u00f3rzy tego potrzebuj\u0105. Ale naprawd\u0119, nawet kieruj\u0105c si\u0119 szlachetnymi celami, nale\u017cy miarkowa\u0107 i wa\u017cy\u0107 etycznymi odwa\u017cnikami nasze zamiary. To tak na gor\u0105co, bez wsparcia redakcyjnego.<\/p>\n","protected":false},"excerpt":{"rendered":"<p>CZY TO MA SENS?<\/p>\n","protected":false},"author":2,"featured_media":0,"comment_status":"closed","ping_status":"closed","sticky":false,"template":"","format":"standard","meta":{"footnotes":""},"categories":[4],"tags":[],"class_list":["post-2729","post","type-post","status-publish","format-standard","hentry","category-felietony"],"_links":{"self":[{"href":"https:\/\/zbigniewpolit.pl\/index.php\/wp-json\/wp\/v2\/posts\/2729","targetHints":{"allow":["GET"]}}],"collection":[{"href":"https:\/\/zbigniewpolit.pl\/index.php\/wp-json\/wp\/v2\/posts"}],"about":[{"href":"https:\/\/zbigniewpolit.pl\/index.php\/wp-json\/wp\/v2\/types\/post"}],"author":[{"embeddable":true,"href":"https:\/\/zbigniewpolit.pl\/index.php\/wp-json\/wp\/v2\/users\/2"}],"replies":[{"embeddable":true,"href":"https:\/\/zbigniewpolit.pl\/index.php\/wp-json\/wp\/v2\/comments?post=2729"}],"version-history":[{"count":2,"href":"https:\/\/zbigniewpolit.pl\/index.php\/wp-json\/wp\/v2\/posts\/2729\/revisions"}],"predecessor-version":[{"id":3071,"href":"https:\/\/zbigniewpolit.pl\/index.php\/wp-json\/wp\/v2\/posts\/2729\/revisions\/3071"}],"wp:attachment":[{"href":"https:\/\/zbigniewpolit.pl\/index.php\/wp-json\/wp\/v2\/media?parent=2729"}],"wp:term":[{"taxonomy":"category","embeddable":true,"href":"https:\/\/zbigniewpolit.pl\/index.php\/wp-json\/wp\/v2\/categories?post=2729"},{"taxonomy":"post_tag","embeddable":true,"href":"https:\/\/zbigniewpolit.pl\/index.php\/wp-json\/wp\/v2\/tags?post=2729"}],"curies":[{"name":"wp","href":"https:\/\/api.w.org\/{rel}","templated":true}]}}