{"id":2732,"date":"2000-03-01T19:38:18","date_gmt":"2000-03-01T18:38:18","guid":{"rendered":"https:\/\/zbigniewpolit.pl\/?p=2732"},"modified":"2024-06-27T07:24:57","modified_gmt":"2024-06-27T06:24:57","slug":"37-covid-kto-jest-niewychowany","status":"publish","type":"post","link":"https:\/\/zbigniewpolit.pl\/index.php\/2000\/03\/01\/37-covid-kto-jest-niewychowany\/","title":{"rendered":"COVID &#8211; KTO JEST NIEWYCHOWANY?"},"content":{"rendered":"<p align=\"left\"><strong>KTO BEZ MASKI, TEN BEZ KULTURY<\/strong><!--more--><\/p>\n<p align=\"left\"><span style=\"color: #000000;\"><span style=\"font-family: lucida grande, verdana, helvetica, arial, sans-serif;\"><span style=\"font-size: small;\">I zn\u00f3w rekord! Co 2 sekundy jedno zaka\u017cenie. A my w dalszym ci\u0105gu mamy m\u0119drk\u00f3w bez maseczek!<\/span><\/span><\/span><\/p>\n<p align=\"left\"><span style=\"color: #000000;\"><span style=\"font-family: lucida grande, verdana, helvetica, arial, sans-serif;\"><span style=\"font-size: small;\">Ponad 21 tys. zaka\u017ce\u0144 w ci\u0105gu doby. Ale to tylko rejestr, bo szacuje si\u0119, \u017ce faktycznych zaka\u017ce\u0144 jest min. 3 razy wi\u0119cej. Od prawie roku t\u0142umaczy si\u0119, \u017ce noszenie maseczek to jedna z dr\u00f3g walki z wirusem. \u017be zmniejsza to ryzyko infekcji. I mimo apeli, pr\u00f3\u015bb i t\u0142umaczenia, w dalszym ci\u0105gu w kraju mamy rzesze ch\u0142opskich m\u0119drk\u00f3w, kt\u00f3rzy uwa\u017caj\u0105, \u017ce masek nosi\u0107 nie musz\u0105. No to powtarzam tym wszystkim: Jeste\u015bcie Pa\u0144stwo osobami NIEWYCHOWANYMI! \u015awiadomie prowokujecie rozw\u00f3j epidemii, \u015bwiadomie obni\u017cacie zdolno\u015b\u0107 obrony spo\u0142ecze\u0144stwa przed wirusem, bo macie \u201epogl\u0105dy\u201d. Ale wstydu, to ju\u017c nie macie. <\/span><\/span><\/span><\/p>\n<p align=\"left\"><span style=\"color: #000000;\"><span style=\"font-family: lucida grande, verdana, helvetica, arial, sans-serif;\"><span style=\"font-size: small;\">Prosz\u0119, apeluj\u0119: Przesta\u0144cie si\u0119 wyg\u0142upia\u0107 i ubierzcie te pieprzone maseczki! Cho\u0107by dlatego, \u017ce inni si\u0119 boj\u0105, bez wzgl\u0119du czy s\u0105 ku temu podstawy. Nie wiecie, co to jest strach? Nikt z Was nigdy, niczego si\u0119 nie ba\u0142?<br \/>\n<\/span><\/span><\/span><\/p>\n<p align=\"left\"><span style=\"color: #000000;\"><span style=\"font-family: lucida grande, verdana, helvetica, arial, sans-serif;\"><span style=\"font-size: small;\">Osoby, kt\u00f3re w miejscach publicznych:<\/span><\/span><\/span><\/p>\n<ol>\n<li>\n<p align=\"left\"><span style=\"color: #000000;\"><span style=\"font-family: lucida grande, verdana, helvetica, arial, sans-serif;\"><span style=\"font-size: small;\">Pluj\u0105 i sikaj\u0105.<\/span><\/span><\/span><\/p>\n<\/li>\n<li>\n<p align=\"left\"><span style=\"color: #000000;\"><span style=\"font-family: lucida grande, verdana, helvetica, arial, sans-serif;\"><span style=\"font-size: small;\">Przeklinaj\u0105, wszczynaj\u0105 awantury.<\/span><\/span><\/span><\/p>\n<\/li>\n<li>\n<p align=\"left\"><span style=\"color: #000000;\"><span style=\"font-family: lucida grande, verdana, helvetica, arial, sans-serif;\"><span style=\"font-size: small;\">Nie nosz\u0105 maseczek podczas epidemii, gdzie naukowcy i w\u0142adze zalecaj\u0105. Maseczki, to nie kwestia pogl\u0105d\u00f3w, a \u015brodek dora\u017any podpowiadany przez nauk\u0119.<\/span><\/span><\/span><\/p>\n<\/li>\n<li>\n<p align=\"left\"><span style=\"color: #000000;\"><span style=\"font-family: lucida grande, verdana, helvetica, arial, sans-serif;\"><span style=\"font-size: small;\">Pij\u0105 alkohol.<\/span><\/span><\/span><\/p>\n<\/li>\n<li>\n<p align=\"left\"><span style=\"color: #000000;\"><span style=\"font-family: lucida grande, verdana, helvetica, arial, sans-serif;\"><span style=\"font-size: small;\">Prowadz\u0105 samochody i motocykle w spos\u00f3b niebezpieczny.<\/span><\/span><\/span><\/p>\n<\/li>\n<li>\n<p align=\"left\"><span style=\"color: #000000;\"><span style=\"font-family: lucida grande, verdana, helvetica, arial, sans-serif;\"><span style=\"font-size: small;\">S\u0105 agresywne.<\/span><\/span><\/span><\/p>\n<\/li>\n<li>\n<p align=\"left\"><span style=\"color: #000000;\"><span style=\"font-family: lucida grande, verdana, helvetica, arial, sans-serif;\"><span style=\"font-size: small;\">Przeszkadzaj\u0105c s\u0142u\u017cbom publicznym w ich pracy.<\/span><\/span><\/span><\/p>\n<\/li>\n<li>\n<p align=\"left\"><span style=\"color: #000000;\"><span style=\"font-family: lucida grande, verdana, helvetica, arial, sans-serif;\"><span style=\"font-size: small;\">Nawo\u0142uj\u0105 do \u0142amania zasad bezpiecze\u0144stwa, do niesubordynacji.<\/span><\/span><\/span><\/p>\n<\/li>\n<li>\n<p align=\"left\"><span style=\"color: #000000;\"><span style=\"font-family: lucida grande, verdana, helvetica, arial, sans-serif;\"><span style=\"font-size: small;\">Niszcz\u0105 cudze mienie.<\/span><\/span><\/span><\/p>\n<\/li>\n<li>\n<p align=\"left\"><span style=\"color: #000000;\"><span style=\"font-family: lucida grande, verdana, helvetica, arial, sans-serif;\"><span style=\"font-size: small;\">Kradn\u0105.<\/span><\/span><\/span><\/p>\n<\/li>\n<li>\n<p align=\"left\"><span style=\"color: #000000;\"><span style=\"font-family: lucida grande, verdana, helvetica, arial, sans-serif;\"><span style=\"font-size: small;\">Drwi\u0105 z kalek i starc\u00f3w.<\/span><\/span><\/span><\/p>\n<\/li>\n<li>\n<p align=\"left\"><span style=\"color: #000000;\"><span style=\"font-family: lucida grande, verdana, helvetica, arial, sans-serif;\"><span style=\"font-size: small;\">Drwi\u0105 z religijno\u015bci.<\/span><\/span><\/span><\/p>\n<\/li>\n<li>\n<p align=\"left\"><span style=\"color: #000000;\"><span style=\"font-family: lucida grande, verdana, helvetica, arial, sans-serif;\"><span style=\"font-size: small;\">Czyni\u0105 gesty i wypowiadaj\u0105 s\u0142owa, publikuj\u0105 tre\u015bci obra\u017caj\u0105ce innych.<\/span><\/span><\/span><\/p>\n<\/li>\n<li>\n<p align=\"left\"><span style=\"color: #000000;\"><span style=\"font-family: lucida grande, verdana, helvetica, arial, sans-serif;\"><span style=\"font-size: small;\">Ha\u0142asuj\u0105 w nocy. <\/span><\/span><\/span><\/p>\n<\/li>\n<li>\n<p align=\"left\"><span style=\"color: #000000;\"><span style=\"font-family: lucida grande, verdana, helvetica, arial, sans-serif;\"><span style=\"font-size: small;\">Krzywdz\u0105 zwierz\u0119ta.<\/span><\/span><\/span><\/p>\n<\/li>\n<\/ol>\n<p align=\"left\"><span style=\"color: #000000;\"><span style=\"font-family: lucida grande, verdana, helvetica, arial, sans-serif;\"><span style=\"font-size: small;\">S\u0105 osobami pozbawionymi kultury, w rozumieniu socjologicznym. S\u0105 zatem osobami pozbawionymi dobrego wychowania. Takie osoby popularnie nazywamy NIEWYCHOWANYMI. Pisz\u0119 to \u015bwiadomie jako nauczyciel. <\/span><\/span><\/span><\/p>\n","protected":false},"excerpt":{"rendered":"<p>KTO BEZ MASKI, TEN BEZ KULTURY<\/p>\n","protected":false},"author":2,"featured_media":0,"comment_status":"closed","ping_status":"closed","sticky":false,"template":"","format":"standard","meta":{"footnotes":""},"categories":[4],"tags":[],"class_list":["post-2732","post","type-post","status-publish","format-standard","hentry","category-felietony"],"_links":{"self":[{"href":"https:\/\/zbigniewpolit.pl\/index.php\/wp-json\/wp\/v2\/posts\/2732","targetHints":{"allow":["GET"]}}],"collection":[{"href":"https:\/\/zbigniewpolit.pl\/index.php\/wp-json\/wp\/v2\/posts"}],"about":[{"href":"https:\/\/zbigniewpolit.pl\/index.php\/wp-json\/wp\/v2\/types\/post"}],"author":[{"embeddable":true,"href":"https:\/\/zbigniewpolit.pl\/index.php\/wp-json\/wp\/v2\/users\/2"}],"replies":[{"embeddable":true,"href":"https:\/\/zbigniewpolit.pl\/index.php\/wp-json\/wp\/v2\/comments?post=2732"}],"version-history":[{"count":2,"href":"https:\/\/zbigniewpolit.pl\/index.php\/wp-json\/wp\/v2\/posts\/2732\/revisions"}],"predecessor-version":[{"id":3070,"href":"https:\/\/zbigniewpolit.pl\/index.php\/wp-json\/wp\/v2\/posts\/2732\/revisions\/3070"}],"wp:attachment":[{"href":"https:\/\/zbigniewpolit.pl\/index.php\/wp-json\/wp\/v2\/media?parent=2732"}],"wp:term":[{"taxonomy":"category","embeddable":true,"href":"https:\/\/zbigniewpolit.pl\/index.php\/wp-json\/wp\/v2\/categories?post=2732"},{"taxonomy":"post_tag","embeddable":true,"href":"https:\/\/zbigniewpolit.pl\/index.php\/wp-json\/wp\/v2\/tags?post=2732"}],"curies":[{"name":"wp","href":"https:\/\/api.w.org\/{rel}","templated":true}]}}