{"id":2859,"date":"2000-03-26T13:49:41","date_gmt":"2000-03-26T12:49:41","guid":{"rendered":"https:\/\/zbigniewpolit.pl\/?p=2859"},"modified":"2024-06-27T06:40:00","modified_gmt":"2024-06-27T05:40:00","slug":"2859","status":"publish","type":"post","link":"https:\/\/zbigniewpolit.pl\/index.php\/2000\/03\/26\/2859\/","title":{"rendered":"PANIE PO\u015aLE, TAK ROZMAWIA\u0106 NIE B\u0118DZIEMY"},"content":{"rendered":"<p><span style=\"color: #050505; font-family: Times New Roman, serif; font-size: medium;\">DO POS\u0141A T.CHRZANA<\/span><!--more--><\/p>\n<p><span style=\"color: #050505;\"><span style=\"font-family: Times New Roman, serif;\"><span style=\"font-size: medium;\">O nie Panie Po\u015ble, tak rozmawiali nie b\u0119dziemy.<\/span><\/span><\/span><\/p>\n<p><span style=\"color: #050505;\"><span style=\"font-family: Times New Roman, serif;\"><span style=\"font-size: medium;\">Dwa razy sprawdza\u0142em, czy to Pan wstawi\u0142 ten powy\u017cszy och\u0142ap czarnej propagandy, bo nie dawa\u0142em wiary. A jednak. Jak Pan mo\u017ce na poselskim koncie wstawia\u0107 tak jednostronny, wr\u0119cz \u017cenuj\u0105cy materia\u0142? Czy\u017cby Pan te\u017c do\u0142\u0105cza\u0142 do tych nieprzytomnych z nienawi\u015bci hord atakuj\u0105cych jednego cz\u0142owieka? Ma\u0142o Panu \u015bmier\u0107 prezydent\u00f3w G.Narutowicza i P.Adamowicza, kt\u00f3rzy zgin\u0119li w wyniku dzikiej nagonki op\u0119tanej prawicy? Pan, cz\u0142owiek czynu, racjonalnych wizji i twardo st\u0105paj\u0105cy po ziemi, publikuje takie paszkwile? Prosz\u0119 wybaczy\u0107 retoryk\u0119, ale dla mnie to niebywa\u0142e w Pana wykonaniu.<\/span><\/span><\/span><\/p>\n<p><span style=\"color: #050505;\"><span style=\"font-family: Times New Roman, serif;\"><span style=\"font-size: medium;\">D.Tusk, cz\u0142owiek, kt\u00f3ry jako jedyny w historii Polski dost\u0105pi\u0142 tak wysokiego zaszczytu na arenie polityki \u015bwiatowej. Z kt\u00f3rego wszyscy Polacy powinni by\u0107 dumni. Bez wzgl\u0119du na orientacje polityczne, pogl\u0105dy, wyznania czy p\u0142e\u0107. A Pan na publicznej stronie poselskiej zachowuje si\u0119 jak pijana przekupka rzucaj\u0105ca kapust\u0105. Panie Po\u015ble &#8211; klasy. Klasy nam trzeba i o klas\u0119 prosz\u0119. Ma Pan co\u015b do D.Tuska, ka\u017cdy pewnie co\u015b by znalaz\u0142, to bardzo prosz\u0119 napisa\u0107, wyt\u0142umaczy\u0107, stara\u0107 si\u0119 przekona\u0107 argumentami. Mo\u017ce te\u017c kto\u015b co\u015b odpisze, b\u0119dzie dyskusja, do czego\u015b mo\u017ce dojdziemy. Ale och\u0142apy, to nie rozmowa!<\/span><\/span><\/span><\/p>\n<p><span style=\"color: #050505;\"><span style=\"font-family: Times New Roman, serif;\"><span style=\"font-size: medium;\">Polityk powa\u017cny nie rzuca kapust\u0105. Polityk szanuj\u0105cy siebie i elektorat, rozmawia. Dyskutuje na argumenty. Gdy dowiedzia\u0142em si\u0119, \u017ce wybrano Pana jako pos\u0142a, ucieszy\u0142em si\u0119, bo by\u0142em przekonany, \u017ce Jaros\u0142aw w ko\u0144cu doczeka\u0142 si\u0119 godnego reprezentanta. Nie chc\u0119 przes\u0105dza\u0107, bo jeden wpis, nie wyrok, ale teraz jestem bli\u017cej weryfikacji mojej rado\u015bci.<\/span><\/span><\/span><\/p>\n<p><span style=\"color: #050505;\"><span style=\"font-family: Times New Roman, serif;\"><span style=\"font-size: medium;\">Prosz\u0119 Pana, mam tak\u0105 propozycj\u0119: Dla naszego wzajemnego szacunku, prosz\u0119 zdj\u0105\u0107 t\u0119 propagandow\u0105 \u017cenad\u0119. Ani ona Panu do twarzy, ani Polakom do komfortu obywatelskiego. Prosz\u0119 to zdj\u0105\u0107 w imi\u0119 naszych ewentualnych, p\u00f3\u017aniejszych rozwa\u017ca\u0144.<\/span><\/span><\/span><\/p>\n<p><span style=\"color: #050505;\"><span style=\"font-family: Times New Roman, serif;\"><span style=\"font-size: medium;\">Serdecznie pozdrawiam, Zbigniew Polit, obywatel.<\/span><\/span><\/span><\/p>\n<p>&nbsp;<\/p>\n<p><strong>ODPOWIED\u0179 POS\u0141A<\/strong><\/p>\n<p><span style=\"color: #050505;\"><span style=\"font-family: Times New Roman, serif;\"><span style=\"font-size: medium;\">Panie Zbigniewie, przedmiotowy materia\u0142 jest jedynie przypomnieniem wypowiedzi polityk\u00f3w pierwszego garnituru PO z przed kilku lat i ich wypowiedzi dzisiaj. ( cho\u0107by w kontek\u015bcie 500+). Nie ma tam komentarzy z mojej strony, tym bardziej nawo\u0142ywania do nienawi\u015bci, o kt\u00f3rej Pan pisze. Tylko i wy\u0142\u0105cznie wypowiedzi polityk\u00f3w PO. \u017be pokazuje on skal\u0119 hipokryzji i ich zak\u0142amania to inna sprawa. <\/span><\/span><\/span><\/p>\n<p><span style=\"color: #050505;\"><span style=\"font-family: Times New Roman, serif;\"><span style=\"font-size: medium;\">Natomiast nie spodziewa\u0142em si\u0119 \u017ce zbudzi on u Pana tyle emocji, spodziewa\u0142em si\u0119 \u017ce u postronnych obserwator\u00f3w wywo\u0142a on raczej u\u015bmiech politowania, a u m\u00f3wi\u0105cych te s\u0142owa za\u017cenowanie. <\/span><\/span><\/span><\/p>\n<p><span style=\"font-family: Times New Roman, serif;\"><span style=\"font-size: medium;\"><span style=\"color: #050505;\">Natomiast sprawa wielko\u015bci Pana Donalda Tuska to temat na inn\u0105 rozmow\u0119 na kt\u00f3r\u0105 zapraszam. Ja osobi\u015bcie ciesz\u0119 si\u0119 z powrotu ka\u017cdego emigranta na ojczyst\u0105 ziemi\u0119, gdy\u017c \u015bwiadczy to o tym \u017ce w Polsce \u017cyj\u0119 si\u0119 coraz lepiej, i nie musimy ju\u017c wyje\u017cd\u017ca\u0107 za godnym \u017cyciem, za chlebem. Uwa\u017cam \u017ce nasz\u0105 prac\u0105 lepiej wzbogaca\u0107 ojczyzn\u0119, a nie inne kraje, tym bardziej \u017ce w wykszta\u0142cenie, nauk\u0119 zawodu inwestujemy w Polsce. Pozdrawiam serdecznie i mi\u0142ego wakacyjnego czasu \u017cycz\u0119.<\/span> <\/span><\/span><\/p>\n<p>&nbsp;<\/p>\n<p><strong>ODPOWIED\u0179 MOJA<\/strong><\/p>\n<p><span style=\"font-family: Times New Roman, serif;\"><span style=\"font-size: medium;\">Panie Po\u015ble, nie o tre\u015b\u0107 filmiku mi chodzi, ani o posta\u0107 D.Tuska. Chodzi mi o to, \u017ce nie nawi\u0105zuj\u0105c do niczego, nagle wstawi\u0142 Pan propagandowy, z\u0142o\u015bliwy materia\u0142 na cz\u0142owieka, przeciwko kt\u00f3remu od tygodnia prowadzona jest profesjonalna kampania nienawi\u015bci, w kt\u00f3rej nota bene u\u017cywa si\u0119 pa\u0144stwowych \u015brodk\u00f3w i narodowych medi\u00f3w. Ten film niczego nie przypomina, to nie jest materia\u0142 edukacyjny, tylko makiawelistyczny, zmontowany jedynie po to, by dowali\u0107. Takich dzie\u0142 na temat D.Tuska i J.Kaczy\u0144skiego s\u0105 w sieci tysi\u0105ce. I mo\u017cna si\u0119 nimi licytowa\u0107 w niesko\u0144czono\u015b\u0107, tylko po co? <\/span><\/span><\/p>\n<p><span style=\"color: #050505;\"><span style=\"font-family: Times New Roman, serif;\"><span style=\"font-size: medium;\">Czy po tej Pa\u0144skiej publikacji ludzie przekonaj\u0105 si\u0119 do szczepionki przeciw Covid-19? Czy naszej armii przyb\u0119dzie cho\u0107 jeden okr\u0119t, albo niepsuj\u0105cy si\u0119 samolot? Czy zmniejszy si\u0119 inflacja, przyb\u0119dzie energii, zmniejszy si\u0119 smog, b\u0119dziemy skuteczniejsi w walce z rakiem, \u015bwiat zacznie szanowa\u0107 Polsk\u0119, a jaros\u0142awscy radni zaczn\u0105 si\u0119 interesowa\u0107 swoim miastem? Nie. Zatem w imi\u0119 czego ta wstawka? Tylko do nakr\u0119cania spirali wrogo\u015bci. I tylko dlatego ponownie prosz\u0119 Pana o zdj\u0119cie tego materia\u0142u.<\/span><\/span><\/span><\/p>\n<p><span style=\"color: #050505;\"><span style=\"font-family: Times New Roman, serif;\"><span style=\"font-size: medium;\">Nie pisz\u0119 politycznie. Nigdy nie by\u0142em cz\u0142onkiem \u017cadnej formacji politycznej. Pisz\u0119 jako obywatel. By Panu udowodni\u0107, informuj\u0119, \u017ce gdy ostatni\u0105 jesieni\u0105 na FB pokazano zdj\u0119cie z J.Kaczy\u0144skim w mundurze SS, zg\u0142osi\u0142em to do prokuratury. Dyskutujmy, spierajmy si\u0119, nawet k\u0142\u00f3\u0107my, ale jaki\u015b poziom i dozy racjonalizmu te\u017c trzymajmy. <\/span><\/span><\/span><\/p>\n<p><span style=\"color: #050505;\"><span style=\"font-family: Times New Roman, serif;\"><span style=\"font-size: medium;\">\u017byczy mi Pan mi\u0142ego czasu na wakacje. Dzi\u0119kuj\u0119, ale niestety, b\u0119d\u0119 zaj\u0119ty. Kto\u015b musi czuwa\u0107 nad wpisami polityk\u00f3w w mediach spo\u0142eczno\u015bciowych, prawda? \u2026 \ud83d\ude09<\/span><\/span><\/span><\/p>\n<p><span style=\"color: #050505;\"><span style=\"font-family: Times New Roman, serif;\"><span style=\"font-size: medium;\">Pozdrawiam serdecznie, Zbigniew Polit. <\/span><\/span><\/span><\/p>\n<p><span style=\"color: #050505;\"><span style=\"font-family: Times New Roman, serif;\"><span style=\"font-size: medium;\">10.07.2021.<\/span><\/span><\/span><\/p>\n","protected":false},"excerpt":{"rendered":"<p>DO POS\u0141A T.CHRZANA<\/p>\n","protected":false},"author":2,"featured_media":0,"comment_status":"closed","ping_status":"closed","sticky":false,"template":"","format":"standard","meta":{"footnotes":""},"categories":[4],"tags":[],"class_list":["post-2859","post","type-post","status-publish","format-standard","hentry","category-felietony"],"_links":{"self":[{"href":"https:\/\/zbigniewpolit.pl\/index.php\/wp-json\/wp\/v2\/posts\/2859","targetHints":{"allow":["GET"]}}],"collection":[{"href":"https:\/\/zbigniewpolit.pl\/index.php\/wp-json\/wp\/v2\/posts"}],"about":[{"href":"https:\/\/zbigniewpolit.pl\/index.php\/wp-json\/wp\/v2\/types\/post"}],"author":[{"embeddable":true,"href":"https:\/\/zbigniewpolit.pl\/index.php\/wp-json\/wp\/v2\/users\/2"}],"replies":[{"embeddable":true,"href":"https:\/\/zbigniewpolit.pl\/index.php\/wp-json\/wp\/v2\/comments?post=2859"}],"version-history":[{"count":6,"href":"https:\/\/zbigniewpolit.pl\/index.php\/wp-json\/wp\/v2\/posts\/2859\/revisions"}],"predecessor-version":[{"id":3038,"href":"https:\/\/zbigniewpolit.pl\/index.php\/wp-json\/wp\/v2\/posts\/2859\/revisions\/3038"}],"wp:attachment":[{"href":"https:\/\/zbigniewpolit.pl\/index.php\/wp-json\/wp\/v2\/media?parent=2859"}],"wp:term":[{"taxonomy":"category","embeddable":true,"href":"https:\/\/zbigniewpolit.pl\/index.php\/wp-json\/wp\/v2\/categories?post=2859"},{"taxonomy":"post_tag","embeddable":true,"href":"https:\/\/zbigniewpolit.pl\/index.php\/wp-json\/wp\/v2\/tags?post=2859"}],"curies":[{"name":"wp","href":"https:\/\/api.w.org\/{rel}","templated":true}]}}