{"id":2869,"date":"2000-03-27T14:33:57","date_gmt":"2000-03-27T13:33:57","guid":{"rendered":"https:\/\/zbigniewpolit.pl\/?p=2869"},"modified":"2024-06-27T06:40:32","modified_gmt":"2024-06-27T05:40:32","slug":"65-wykopani-czyli-struktura-stylu","status":"publish","type":"post","link":"https:\/\/zbigniewpolit.pl\/index.php\/2000\/03\/27\/65-wykopani-czyli-struktura-stylu\/","title":{"rendered":"WYKOPANI, CZYLI STRUKTURA STYLU"},"content":{"rendered":"<p align=\"left\"><span style=\"color: #000000;\"><span style=\"font-family: Times New Roman, serif;\"><span style=\"font-size: medium;\">CYNIZM JAROS\u0141AWSKICH RADNYCH<\/span><\/span><\/span><!--more--><\/p>\n<p align=\"left\"><span style=\"color: #000000;\"><span style=\"font-family: Times New Roman, serif;\"><span style=\"font-size: medium;\">To, co si\u0119 ostatnio wydarzy\u0142o na sesji Rady Miasta Jaros\u0142awia, to ju\u017c nie kabaret, ani wodewil wystawiony w s\u0119dziwym ratuszu. Mam na my\u015bli moralne \u015bwi\u0144stwo, kt\u00f3re uczyniono dw\u00f3m jaros\u0142awskim radnym.<\/span><\/span><\/span><\/p>\n<p align=\"left\"><span style=\"color: #000000;\"><span style=\"font-family: Times New Roman, serif;\"><span style=\"font-size: medium;\">I od razu zastrzegam, \u017ce nie po drodze mi z tymi panami. Mam do nich osobisty \u017cal, a nawet spore pretensje. Gdy 4 lata temu opracowa\u0142em i przygotowa\u0142em szeroki program walki z zanieczyszczeniem powietrza na poziomie miasta, zaproszono nas, czyli stowarzyszenie ORKA, na posiedzenie komisji infrastruktury, kt\u00f3r\u0105 prowadzi\u0142 pan Marcin Nazarewicz. Poniewa\u017c obiecano nam, \u017ce je\u015bli nasza prezentacja si\u0119 spodoba, to zostaniemy zaproszeni na sesj\u0119 rady, spotkanie przygotowa\u0142em nad wyraz ambitnie. \u015aci\u0105gn\u0105\u0142em specjalist\u00f3w z AGH, zebra\u0142em olbrzymi\u0105 ilo\u015b\u0107 wiedzy na te tematy, ponad godzinne wyst\u0105pienie bardzo si\u0119 wszystkim podoba\u0142o. Gratulowano nam i wykazywano spore zainteresowanie i aprobat\u0119. Niestety, zaraz po tym szef RM, pan Szczepan \u0141\u0105ka przesta\u0142 odpowiada\u0107 na moje maile i odbiera\u0107 telefon. Natomiast mimo mych publicznych apeli, nikt z radnych nie pisn\u0105\u0142 s\u0142owem, by spraw\u0119 poprowadzi\u0107 dalej. A mogli\u015bmy poci\u0105gn\u0105\u0107 za sob\u0105 inne miasta, m\u00f3g\u0142 by to by\u0107 wa\u017cny dla \u015brodowiska program. Ale trudno. Dzi\u015b obaj panowie zostali przez RM w spos\u00f3b bezceremonialny wykopani z wa\u017cnych funkcji: z szefa w\u0142a\u015bnie komisji infrastruktury wyrzucono pana Marcina Nazarewicza, za\u015b funkcj\u0119 wiceprzewodnicz\u0105cego RM odebrano panu Wies\u0142awowi Strz\u0119pkowi. I jak si\u0119 domy\u015blam, w historii polskiej samorz\u0105dno\u015bci, akcji w podobnym stylu jeszcze nie by\u0142o. <\/span><\/span><\/span><\/p>\n<p align=\"left\"><span style=\"color: #000000;\"><span style=\"font-family: Times New Roman, serif;\"><span style=\"font-size: medium;\">Stalinowski prokurator A.Wyszy\u0144ski mia\u0142 kiedy\u015b powiedzie\u0107: \u201eDajcie mi cz\u0142owieka, a paragraf si\u0119 znajdzie\u201d. Jaros\u0142awscy radni poszli jednak dalej. Os\u0105dzili i wyrzucili z funkcji swoich koleg\u00f3w bez podawania przyczyny. Jak m\u00f3wili: \u2013 Bo mamy prawo (sic!). UB stara\u0142o si\u0119 zachowywa\u0107 pozory, wi\u0119c wymy\u015bla\u0142o powody i preparowa\u0142o dowody. Dzi\u015b radni w Jaros\u0142awiu nawet na to si\u0119 nie wysilili. Jaros\u0142aw Litwiak uzasadnia\u0142 wniosek o wykopanie s\u0142owami: \u2013 Na ostatnich 2 sesjach styl nie sprzyja\u0142 wsp\u00f3\u0142pracy (sic!). \u017badnych konkretnych argument\u00f3w. \u017badnego ostrze\u017cenia, informacji, pro\u015bby do radnych, by zmienili \u00f3w \u201estyl\u201d, by si\u0119 zachowywali \u201ew\u0142a\u015bciwie\u201d. Nic. Cisza.<\/span><\/span><\/span><\/p>\n<p align=\"left\"><span style=\"color: #000000;\"><span style=\"font-family: Times New Roman, serif;\"><span style=\"font-size: medium;\">Akcj\u0119 t\u0119 przeprowadzono, gdy pana Wies\u0142awa Strz\u0119pka na sesji nie by\u0142o. Kto\u015b z radnych prosi\u0142, by zaczeka\u0107 do czasu, gdy radny b\u0119dzie, ale Szczepan \u0141\u0105ka skwitowa\u0142, \u017ce nie wiedzia\u0142, \u017ce go nie b\u0119dzie. A to, \u017ce ju\u017c si\u0119 dowiedzia\u0142, to przecie\u017c niewa\u017cne. <\/span><\/span><\/span><\/p>\n<p align=\"left\"><span style=\"color: #ff0000;\"><span style=\"font-family: Times New Roman, serif;\"><span style=\"font-size: medium;\"><span style=\"color: #000000;\">Machina dzia\u0142a\u0142a jak pluton egzekucyjny. Cokolwiek by kto\u015b z radnych nie powiedzia\u0142, nie wyrazi\u0142 w\u0105tpliwo\u015bci, pluton stawia\u0142 krok ku wykonaniu wyroku. Pyta pan Marcin Nazarewicz: <\/span><span style=\"color: #000000;\">\u2013<\/span><span style=\"color: #000000;\"> Dlaczego? Odpowiada radna Dorota Batiuk-Jankiewicz: <\/span><span style=\"color: #000000;\">\u2013<\/span><span style=\"color: #000000;\"> Nie podoba nam si\u0119 i mamy prawo! Kto\u015b z radnych punktowa\u0142, \u017ce przecie\u017c niedawno uchwalili\u015bmy g\u0142os przeciwko hejtowi, \u017ce obowi\u0105zuje nas kultura obrad. Ale co tam takie dyrdyma\u0142y, skoro trzeba wykona\u0107 robot\u0119? Radny: <\/span><span style=\"color: #000000;\">\u2013<\/span><span style=\"color: #000000;\"> Prosz\u0119 mi wyja\u015bni\u0107 dlaczego? Na co szef RM: <\/span><span style=\"color: #000000;\">\u2013<\/span><span style=\"color: #000000;\"> Nie teraz takie pytania. I do tego ju\u017c nie wr\u00f3ci\u0142. Za\u015b s\u0142owa innego radnego: <\/span><span style=\"color: #000000;\">\u201e<\/span><span style=\"color: #000000;\"> Uwa\u017cam, \u017ce nale\u017cy si\u0119 wstrzyma\u0107\u201d, zabrzmia\u0142y jak <\/span><span style=\"color: #000000;\"><i>hop hop<\/i><\/span><span style=\"color: #000000;\"> w g\u0142uchym lesie&#8230;<\/span><\/span><\/span><\/span><\/p>\n<ul>\n<li>\n<p align=\"left\"><span style=\"color: #000000;\"><span style=\"font-family: Times New Roman, serif;\"><span style=\"font-size: medium;\"><i>Ale za co?<\/i><\/span><\/span><\/span><\/p>\n<\/li>\n<li>\n<p align=\"left\"><span style=\"color: #000000;\"><span style=\"font-family: Times New Roman, serif;\"><span style=\"font-size: medium;\"><i>Pod \u015bcian\u0119!<\/i><\/span><\/span><\/span><\/p>\n<\/li>\n<li>\n<p align=\"left\"><span style=\"color: #000000;\"><span style=\"font-family: Times New Roman, serif;\"><span style=\"font-size: medium;\"><i>Ja tylko chcia\u0142em wiedzie\u0107&#8230;<\/i><\/span><\/span><\/span><\/p>\n<\/li>\n<li>\n<p align=\"left\"><span style=\"color: #000000;\"><span style=\"font-family: Times New Roman, serif;\"><span style=\"font-size: medium;\"><i>Pod \u015bcian\u0119!<\/i><\/span><\/span><\/span><\/p>\n<\/li>\n<li>\n<p align=\"left\"><span style=\"color: #000000;\"><span style=\"font-family: Times New Roman, serif;\"><span style=\"font-size: medium;\"><i>Niczego z\u0142ego nie zrobili\u015bmy&#8230;<\/i><\/span><\/span><\/span><\/p>\n<\/li>\n<li>\n<p align=\"left\"><span style=\"color: #000000;\"><span style=\"font-family: Times New Roman, serif;\"><span style=\"font-size: medium;\"><i>Pod \u015bcian\u0119!<\/i><\/span><\/span><\/span><\/p>\n<\/li>\n<li>\n<p align=\"left\"><span style=\"color: #000000;\"><span style=\"font-family: Times New Roman, serif;\"><span style=\"font-size: medium;\"><i>Byli\u015bmy tylko przeciw wysokiemu zad\u0142u\u017ceniu miasta&#8230;<\/i><\/span><\/span><\/span><\/p>\n<\/li>\n<li>\n<p align=\"left\"><span style=\"color: #000000;\"><span style=\"font-family: Times New Roman, serif;\"><span style=\"font-size: medium;\"><i>Pod \u015bcian\u0119!<\/i><\/span><\/span><\/span><\/p>\n<p align=\"left\"><span style=\"color: #000000;\"><span style=\"font-family: Times New Roman, serif;\"><span style=\"font-size: medium;\">Wyj\u0105tkowo smutne wra\u017cenie zrobi\u0142 te\u017c radny Jaros\u0142aw Litwiak. Jako samorz\u0105dowy \u017c\u00f3\u0142todzi\u00f3b zakpi\u0142 sobie z radnego Wies\u0142awa Strz\u0119pka, cytuj\u0105c s\u0142owa piosenki: \u201eTrzeba wiedzie\u0107, kiedy ze sceny zej\u015b\u0107\u201d. A pami\u0119tajmy, \u017ce pan Wies\u0142aw po pierwsze nie jest nastolatkiem, po drugie w samorz\u0105dzie pracuje ju\u017c ponad 30 lat, zatem od pocz\u0105tku, no i po trzecie, to on uczy\u0142 wszystkich w Jaros\u0142awiu samorz\u0105dno\u015bci, z panami Szczepanem \u0141\u0105k\u0105 i burmistrzem Waldemarem Paluchem na czele. Teraz jakby\u015bmy s\u0142yszeli: <i>Murzyn swoje zrobi\u0142, wi\u0119c adieu!<\/i>&#8230; Ka\u017cda decyzja radnego powinna by\u0107 nakierowana na dobro miasta. Tutaj nie do\u015b\u0107, \u017ce Jaros\u0142aw nic nie zyska\u0142, to jeszcze nadszarpni\u0119to miastu wizerunek. Radna Dorota naciska\u0142a, \u017ce rada ma takie prawo i szlus. Zapomnia\u0142a tylko, \u017ce poza prawem, czasem te\u017c wypada by\u0107 cz\u0142owiekiem. <\/span><\/span><\/span><\/p>\n<\/li>\n<\/ul>\n<p align=\"left\"><span style=\"color: #000000;\"><span style=\"font-family: Times New Roman, serif;\"><span style=\"font-size: medium;\">A o co posz\u0142o? My\u015bl\u0119, \u017ce to manifestacyjny brak zgody obu pan\u00f3w na wzrost op\u0142at i zad\u0142u\u017cenia miasta, tak mocno wkurzy\u0142 burmistrza, by nie u\u017cy\u0107 dosadniejszego s\u0142owa. Na tyle mocno, \u017ce \u201ezainspirowa\u0142\u201d radnych do pokazania kolegom, gdzie raki zimuj\u0105. I przy wyrazistej mentalno\u015bci burmistrza, a przy mulastej radnych, osi\u0105gn\u0105\u0142, co zamierza\u0142. Burmistrz wygra\u0142 z poprzednikiem Andrzejem Wyczawskim g\u0142\u00f3wnie dlatego, \u017ce zarzuca\u0142 mu zad\u0142u\u017cenie miasta. A to, \u017ce dzi\u015b ten d\u0142ug jest niebotycznie wi\u0119kszy, \u017ce nie wiadomo kto i z czego b\u0119dzie go sp\u0142aca\u0142, to ju\u017c piku\u015b; wa\u017cne przecie\u017c, by si\u0119 za\u0142apa\u0107 na kolejn\u0105 kadencj\u0119, a potem jako\u015b to b\u0119dzie. <\/span><\/span><\/span><\/p>\n<p align=\"left\"><span style=\"color: #000000;\"><span style=\"font-family: Times New Roman, serif;\"><span style=\"font-size: medium;\">A teraz podkr\u0119\u0107my troszk\u0119 potencjometr wyobra\u017ani. Nied\u0142ugo \u015bwi\u0119ta, usatysfakcjonowany zranieniem koleg\u00f3w burmistrz, jak zawsze w kwiecistych s\u0142owach, b\u0119dzie wszystkim \u017cyczy\u0142 \u201epi\u0119knych \u015bwi\u0105t\u201d przy kolorowej choince. Gdyby ob\u0142uda mia\u0142a g\u0142os, to z Jaros\u0142awia by j\u0105 na Ksi\u0119\u017cycu s\u0142yszeli \u2026<\/span><\/span><\/span><\/p>\n<p align=\"left\">7 grudnia 2022r.<\/p>\n","protected":false},"excerpt":{"rendered":"<p>CYNIZM JAROS\u0141AWSKICH RADNYCH<\/p>\n","protected":false},"author":2,"featured_media":0,"comment_status":"closed","ping_status":"closed","sticky":false,"template":"","format":"standard","meta":{"footnotes":""},"categories":[4],"tags":[],"class_list":["post-2869","post","type-post","status-publish","format-standard","hentry","category-felietony"],"_links":{"self":[{"href":"https:\/\/zbigniewpolit.pl\/index.php\/wp-json\/wp\/v2\/posts\/2869","targetHints":{"allow":["GET"]}}],"collection":[{"href":"https:\/\/zbigniewpolit.pl\/index.php\/wp-json\/wp\/v2\/posts"}],"about":[{"href":"https:\/\/zbigniewpolit.pl\/index.php\/wp-json\/wp\/v2\/types\/post"}],"author":[{"embeddable":true,"href":"https:\/\/zbigniewpolit.pl\/index.php\/wp-json\/wp\/v2\/users\/2"}],"replies":[{"embeddable":true,"href":"https:\/\/zbigniewpolit.pl\/index.php\/wp-json\/wp\/v2\/comments?post=2869"}],"version-history":[{"count":3,"href":"https:\/\/zbigniewpolit.pl\/index.php\/wp-json\/wp\/v2\/posts\/2869\/revisions"}],"predecessor-version":[{"id":3040,"href":"https:\/\/zbigniewpolit.pl\/index.php\/wp-json\/wp\/v2\/posts\/2869\/revisions\/3040"}],"wp:attachment":[{"href":"https:\/\/zbigniewpolit.pl\/index.php\/wp-json\/wp\/v2\/media?parent=2869"}],"wp:term":[{"taxonomy":"category","embeddable":true,"href":"https:\/\/zbigniewpolit.pl\/index.php\/wp-json\/wp\/v2\/categories?post=2869"},{"taxonomy":"post_tag","embeddable":true,"href":"https:\/\/zbigniewpolit.pl\/index.php\/wp-json\/wp\/v2\/tags?post=2869"}],"curies":[{"name":"wp","href":"https:\/\/api.w.org\/{rel}","templated":true}]}}