{"id":2873,"date":"2000-03-27T14:59:59","date_gmt":"2000-03-27T13:59:59","guid":{"rendered":"https:\/\/zbigniewpolit.pl\/?p=2873"},"modified":"2024-06-27T06:39:14","modified_gmt":"2024-06-27T05:39:14","slug":"66-polskie-lwy-na-niby","status":"publish","type":"post","link":"https:\/\/zbigniewpolit.pl\/index.php\/2000\/03\/27\/66-polskie-lwy-na-niby\/","title":{"rendered":"POLSKIE LWY NA NIBY"},"content":{"rendered":"<p>WALKA O POLSKIE LWY W SZTOKCHOLMIE<!--more--><\/p>\n<p><span style=\"color: #000000;\"><span style=\"font-family: Times New Roman, serif;\"><span style=\"font-size: medium;\">Kiedy\u015b, jad\u0105c autem, s\u0142ysza\u0142em audycj\u0119, w kt\u00f3rej powiedziano, \u017ce Szwedzi w czasie potopu, podprowadzili z Warszawy 2 rze\u017aby lw\u00f3w i zdobi\u0105 one teraz zamek w Sztokholmie. W\u015bciek\u0142em si\u0119, bo Ukrai\u0144cy polskie lwy zabili p\u0142ytami na cmentarzu \u0141yczakowskim, a Szwedzi zabrali inne? Zabra\u0142em si\u0119 do pracy, zacz\u0105\u0142em pisa\u0107. Skontaktowa\u0142em si\u0119 m.in. z polskoj\u0119zycznymi przewodnikami po zamku w Sztokholmie i poprosi\u0142em, by sprawdzili gdzie te lwy stoj\u0105. Po kilku dniach otrzyma\u0142em 2 odpowiedzi, \u017ce \u017cadnych, pochodz\u0105cych z Polski, lw\u00f3w na zamku nie ma. Przekonywali mnie, \u017ce \u201epolskie lwy\u201d, to fake. Potem w li\u015bcie opierniczy\u0142a mnie by\u0142a minister kultury, prof. M.Omilanowska, bo zachowywa\u0142em si\u0119 nieprofesjonalnie i ma\u0142o dyplomatycznie. Odpowiedzia\u0142em tylko, \u017ce oni za to mieli doskona\u0142\u0105 dyplomacj\u0119 w czasie potopu \ud83d\ude09 Ale ostatecznie stuli\u0142em uszy i nawet jej napisa\u0142em fraszk\u0119:<\/span><\/span><\/span><\/p>\n<p><span style=\"color: #000000;\"> <span style=\"font-family: Times New Roman, serif;\"><span style=\"font-size: medium;\">POLSKIE LWY<\/span><\/span><\/span><\/p>\n<p>Mam pytanie takie: Czy<br \/>\nMaj\u0105 Szwedzi polskie lwy?<br \/>\nJe\u015bli tak, to jaki\u015b nierz\u0105d:<br \/>\nSzwedzki kr\u00f3l wzi\u0105\u0142 kr\u00f3la zwierz\u0105t! \u2026<\/p>\n<p><span style=\"color: #000000;\"><span style=\"font-family: Times New Roman, serif;\"><span style=\"font-size: medium;\">Potem telefonowali do mnie z ambasady polskiej w Szwecji. M\u00f3wili, \u017ce te\u017c szukaj\u0105 tych lw\u00f3w, ale nie mog\u0105 znale\u017a\u0107. Mia\u0142em te\u017c kurtuazyjny telefon z ambasady szwedzkiej w Polsce. Kto\u015b mi r\u00f3wnie\u017c ze Szwecji napisa\u0142, \u017ce po Sztokholmie b\u0142\u0105kaj\u0105 si\u0119 ca\u0142e stada lw\u00f3w, \u017cebym poda\u0142 adres, to ze dwa mi wy\u015bl\u0105 \ud83d\ude09 Jeszcze po roku napisa\u0142 do mnie jaki\u015b dziennikarz z pytaniem, co ustali\u0142em z tymi zwierz\u0119tami \ud83d\ude09 Czyli je\u015bli polskie lwy s\u0105 w Szwecji, to co najwy\u017cej w kt\u00f3rym\u015b ZOO, ale ju\u017c sprawdza\u0142 nie b\u0119d\u0119 \u2026 \ud83d\ude09<\/span><\/span><\/span><\/p>\n","protected":false},"excerpt":{"rendered":"<p>WALKA O POLSKIE LWY W SZTOKCHOLMIE<\/p>\n","protected":false},"author":2,"featured_media":0,"comment_status":"closed","ping_status":"closed","sticky":false,"template":"","format":"standard","meta":{"footnotes":""},"categories":[4],"tags":[],"class_list":["post-2873","post","type-post","status-publish","format-standard","hentry","category-felietony"],"_links":{"self":[{"href":"https:\/\/zbigniewpolit.pl\/index.php\/wp-json\/wp\/v2\/posts\/2873","targetHints":{"allow":["GET"]}}],"collection":[{"href":"https:\/\/zbigniewpolit.pl\/index.php\/wp-json\/wp\/v2\/posts"}],"about":[{"href":"https:\/\/zbigniewpolit.pl\/index.php\/wp-json\/wp\/v2\/types\/post"}],"author":[{"embeddable":true,"href":"https:\/\/zbigniewpolit.pl\/index.php\/wp-json\/wp\/v2\/users\/2"}],"replies":[{"embeddable":true,"href":"https:\/\/zbigniewpolit.pl\/index.php\/wp-json\/wp\/v2\/comments?post=2873"}],"version-history":[{"count":2,"href":"https:\/\/zbigniewpolit.pl\/index.php\/wp-json\/wp\/v2\/posts\/2873\/revisions"}],"predecessor-version":[{"id":3035,"href":"https:\/\/zbigniewpolit.pl\/index.php\/wp-json\/wp\/v2\/posts\/2873\/revisions\/3035"}],"wp:attachment":[{"href":"https:\/\/zbigniewpolit.pl\/index.php\/wp-json\/wp\/v2\/media?parent=2873"}],"wp:term":[{"taxonomy":"category","embeddable":true,"href":"https:\/\/zbigniewpolit.pl\/index.php\/wp-json\/wp\/v2\/categories?post=2873"},{"taxonomy":"post_tag","embeddable":true,"href":"https:\/\/zbigniewpolit.pl\/index.php\/wp-json\/wp\/v2\/tags?post=2873"}],"curies":[{"name":"wp","href":"https:\/\/api.w.org\/{rel}","templated":true}]}}