{"id":2890,"date":"2000-03-30T15:39:56","date_gmt":"2000-03-30T14:39:56","guid":{"rendered":"https:\/\/zbigniewpolit.pl\/?p=2890"},"modified":"2024-06-27T05:33:54","modified_gmt":"2024-06-27T04:33:54","slug":"70-slawomir-przyklejony-do-jaroslawskiej-ulicy","status":"publish","type":"post","link":"https:\/\/zbigniewpolit.pl\/index.php\/2000\/03\/30\/70-slawomir-przyklejony-do-jaroslawskiej-ulicy\/","title":{"rendered":"&#8222;S\u0141AWOMIR&#8221; PRZYKLEJONY DO JAROS\u0141AWSKIEJ ULICY"},"content":{"rendered":"<p align=\"justify\">W JAROS\u0141AWIU FUNDUJ\u0104 MUZYCZNEGO POKRAK\u0118<!--more--><\/p>\n<p align=\"justify\">Z niedowierzaniem przyj\u0105\u0142em wiadomo\u015b\u0107 o zaproszeniu przez w\u0142adze Jaros\u0142awia, koncertuj\u0105cego w stylu disco \u2013 polo, \u201eS\u0142awomira\u201d. Budzi to moje oburzenie i za\u017cenowanie. A oto dlaczego:<\/p>\n<ol>\n<li>\n<p align=\"justify\">Jaros\u0142aw jest zbyt ma\u0142ym miastem, by za <b>35.500,- z\u0142<\/b> kupowa\u0107 wyst\u0119p, kt\u00f3ry zadowoli jedynie cz\u0119\u015b\u0107 mieszka\u0144c\u00f3w. Przecie\u017c w Jaros\u0142awiu mieszka nie tylko ma\u0142o wymagaj\u0105ca muzycznie m\u0142odzie\u017c.<\/p>\n<p align=\"left\">\n<\/li>\n<li>\n<p align=\"left\">Tzw. S\u0142awomir w swych tekstach ucieka si\u0119 do ordynarnych sugestii i u\u017cywa wulgarnych s\u0142\u00f3w, w rodzaju \u201ech*j\u201d i \u201eobc**ga\u0107\u201d. Oto link do takiego tekstu wraz z wykonaniem &#8211; <a href=\"https:\/\/teksciory.interia.pl\/slawomir-megiera-ty-stara-cholero-tekst-piosenki,t,650623.html\">https:\/\/teksciory.interia.pl\/slawomir-megiera-ty-stara-cholero-tekst-piosenki,t,650623.html<\/a><\/p>\n<p align=\"left\">\n<\/li>\n<li>\n<p align=\"justify\">W\u0142adze miasta nie powinny wydawa\u0107 tak poka\u017anych \u015brodk\u00f3w jedynie na bazarowe produkcje o naiwnej estetyce. W\u0142adze winny promowa\u0107 warto\u015bci kultury elitarnej.<\/p>\n<p align=\"left\">\n<\/li>\n<li>\n<p align=\"justify\">Przecie\u017c s\u0105 w Polsce o wiele ta\u0144si arty\u015bci, prezentuj\u0105cy o wiele wy\u017csz\u0105 kultur\u0119 muzyczn\u0105, kt\u00f3rych z wielk\u0105 przyjemno\u015bci\u0105 pos\u0142uchaliby wszyscy jaros\u0142awianie. Jaros\u0142awskich koncert\u00f3w muzyki dawnej s\u0142uchaj\u0105 wszyscy bez wzgl\u0119du na wiek, preferencje muzyczne i wykszta\u0142cenie. I to w nocy.<\/p>\n<p align=\"justify\">\n<\/li>\n<li>\n<p align=\"justify\">Jaros\u0142aw jest miasteczkiem po\u0142o\u017conym z dala od krajowych centr\u00f3w kultury. Dlatego, je\u015bli dysponowano tak du\u017cymi \u015brodkami, nale\u017ca\u0142o je wyda\u0107 na kogo\u015b, kto prezentuje wysoki poziom muzyki, a nie na promocj\u0119 takiej tandety.<\/p>\n<p align=\"justify\">I jeszcze taka refleksja:<\/p>\n<p align=\"left\">Dlaczego, wybieraj\u0105c wykonawc\u00f3w, kierowano si\u0119 jedynie w\u0142asnym gustem, zamiast zasi\u0119gn\u0105\u0107 opinii os\u00f3b znaj\u0105cych si\u0119 zawodowo na kulturze muzycznej? Przecie\u017c w jaros\u0142awskiej szkole muzycznej jest takich os\u00f3b wiele.<\/p>\n<\/li>\n<\/ol>\n<p align=\"left\">\u017bebym zosta\u0142 dobrze zrozumiany: M\u0142odzie\u017c chce sobie po\u015bpiewa\u0107 i poskaka\u0107 \u2013 oczywi\u015bcie. Ale dlaczego do tak prymitywnej muzyki?<\/p>\n<p align=\"left\"><img loading=\"lazy\" decoding=\"async\" class=\"alignnone wp-image-2893\" src=\"http:\/\/zbigniewpolit.pl\/wp-content\/uploads\/2000\/03\/LOGO-JAROSLAWIA-228x300.jpg\" alt=\"\" width=\"617\" height=\"812\" srcset=\"https:\/\/zbigniewpolit.pl\/wp-content\/uploads\/2000\/03\/LOGO-JAROSLAWIA-228x300.jpg 228w, https:\/\/zbigniewpolit.pl\/wp-content\/uploads\/2000\/03\/LOGO-JAROSLAWIA-779x1024.jpg 779w, https:\/\/zbigniewpolit.pl\/wp-content\/uploads\/2000\/03\/LOGO-JAROSLAWIA-768x1010.jpg 768w, https:\/\/zbigniewpolit.pl\/wp-content\/uploads\/2000\/03\/LOGO-JAROSLAWIA-494x650.jpg 494w, https:\/\/zbigniewpolit.pl\/wp-content\/uploads\/2000\/03\/LOGO-JAROSLAWIA.jpg 994w\" sizes=\"auto, (max-width: 617px) 100vw, 617px\" \/><\/p>\n<p align=\"left\">\n","protected":false},"excerpt":{"rendered":"<p>W JAROS\u0141AWIU FUNDUJ\u0104 MUZYCZNEGO POKRAK\u0118<\/p>\n","protected":false},"author":2,"featured_media":0,"comment_status":"closed","ping_status":"closed","sticky":false,"template":"","format":"standard","meta":{"footnotes":""},"categories":[4],"tags":[],"class_list":["post-2890","post","type-post","status-publish","format-standard","hentry","category-felietony"],"_links":{"self":[{"href":"https:\/\/zbigniewpolit.pl\/index.php\/wp-json\/wp\/v2\/posts\/2890","targetHints":{"allow":["GET"]}}],"collection":[{"href":"https:\/\/zbigniewpolit.pl\/index.php\/wp-json\/wp\/v2\/posts"}],"about":[{"href":"https:\/\/zbigniewpolit.pl\/index.php\/wp-json\/wp\/v2\/types\/post"}],"author":[{"embeddable":true,"href":"https:\/\/zbigniewpolit.pl\/index.php\/wp-json\/wp\/v2\/users\/2"}],"replies":[{"embeddable":true,"href":"https:\/\/zbigniewpolit.pl\/index.php\/wp-json\/wp\/v2\/comments?post=2890"}],"version-history":[{"count":4,"href":"https:\/\/zbigniewpolit.pl\/index.php\/wp-json\/wp\/v2\/posts\/2890\/revisions"}],"predecessor-version":[{"id":3025,"href":"https:\/\/zbigniewpolit.pl\/index.php\/wp-json\/wp\/v2\/posts\/2890\/revisions\/3025"}],"wp:attachment":[{"href":"https:\/\/zbigniewpolit.pl\/index.php\/wp-json\/wp\/v2\/media?parent=2890"}],"wp:term":[{"taxonomy":"category","embeddable":true,"href":"https:\/\/zbigniewpolit.pl\/index.php\/wp-json\/wp\/v2\/categories?post=2890"},{"taxonomy":"post_tag","embeddable":true,"href":"https:\/\/zbigniewpolit.pl\/index.php\/wp-json\/wp\/v2\/tags?post=2890"}],"curies":[{"name":"wp","href":"https:\/\/api.w.org\/{rel}","templated":true}]}}